{"id":622,"date":"2021-10-03T11:57:25","date_gmt":"2021-10-03T08:57:25","guid":{"rendered":"https:\/\/www.iyibudur.com\/blog\/?p=622"},"modified":"2021-09-29T03:13:33","modified_gmt":"2021-09-29T00:13:33","slug":"sosyal-medyada-ilgi-ceken-konular-boyle-bulunuyor","status":"publish","type":"post","link":"https:\/\/www.iyibudur.com\/blog\/sosyal-medyada-ilgi-ceken-konular-boyle-bulunuyor\/","title":{"rendered":"Sosyal Medyada \u0130lgi \u00c7eken Konular B\u00f6yle Bulunuyor"},"content":{"rendered":"<p>G\u00fcnl\u00fck hayatta sosyal medya \u00fczerinden yap\u0131lan payla\u015f\u0131mlar artt\u0131k\u00e7a payla\u015f\u0131lan konular\u0131n ilgi \u00e7ekme \u00f6zelli\u011finin de daha farkl\u0131 \u015fekillerde payla\u015f\u0131mlarla artmas\u0131 gerekmektedir. \u0130ster \u00fcr\u00fcn veya hizmet tan\u0131t\u0131ls\u0131n isterse \u015fahsi hesaplar \u00fczerinden payla\u015f\u0131m yap\u0131ls\u0131n daha \u00e7ok takip\u00e7i edinmek ve daha \u00e7ok ilgi g\u00f6rmek i\u00e7in yap\u0131lan payla\u015f\u0131mlar\u0131n i\u00e7eri\u011fi olduk\u00e7a \u00f6nemli olmaktad\u0131r.<\/p>\n<p>\u0130lgi \u00e7eken konular\u0131 belirlemek ve hangi platformlarda hangi payla\u015f\u0131mlar\u0131n daha etkili oldu\u011funu \u00f6\u011frenmek yap\u0131lacak payla\u015f\u0131mlar\u0131 buna \u00f6zen g\u00f6stererek yapmak gerekmektedir.<\/p>\n<p><strong>Se\u00e7ilen Uygulamalarda \u00d6ne \u00c7\u0131kma Yollar\u0131n\u0131 Belirlemek <\/strong><\/p>\n<p>Herhangi bir payla\u015f\u0131m yapmak i\u00e7in kullan\u0131lan uygulamalar\u0131n kullan\u0131c\u0131lar\u0131n\u0131n istedi\u011fi standartlar\u0131 takip etmek olduk\u00e7a \u00f6nemlidir. \u00d6rne\u011fin Facebook uygulamas\u0131nda be\u011feni alan bir payla\u015f\u0131m instagram uygulamas\u0131nda ayn\u0131 sonucu vermeyebilmektedir.<\/p>\n<p><strong>Yap\u0131lan Payla\u015f\u0131mlar\u0131n \u00d6zg\u00fcn Olmas\u0131<\/strong><\/p>\n<p>Sosyal medyada takip\u00e7i edinmek veya tan\u0131nmak i\u00e7in \u00f6ncelikle s\u0131radan payla\u015f\u0131mlardan uzak kalmak gerekmektedir. Belirli d\u00f6nemlerde baz\u0131 payla\u015f\u0131mlar moda halini alsa da \u00e7ok \u00e7abuk ilgi s\u00f6nd\u00fc\u011f\u00fc i\u00e7in b\u00f6yle payla\u015f\u0131mlar tercih edilecek ise zamanlama iyi ayarlanmal\u0131d\u0131r.<\/p>\n<p><strong>K\u0131sa Ve \u00d6z Payla\u015f\u0131m Yapmak <\/strong><\/p>\n<p>Sosyal medya \u00fczerinde yap\u0131lan payla\u015f\u0131mlar i\u00e7in e\u011fer video i\u00e7eri\u011fi olan alanlar tercih edilmeyecek ise k\u0131sa ve konunun \u00f6zeti olan payla\u015f\u0131mlar \u00e7ok daha ilgi \u00e7ekmektedir. Bir konu \u00fczerinde konu\u015fma ge\u00e7ecek ise en az kelime ile anla\u015f\u0131labilir payla\u015f\u0131mlar yap\u0131lmal\u0131d\u0131r.<\/p>\n<p><strong>Hedef Kitleye Olumlu Etki B\u0131rakan Payla\u015f\u0131m Yapmak <\/strong><\/p>\n<p>Sosyal medyada payla\u015f\u0131m yapmak istenen konu, \u00fcr\u00fcn veya hizmetin de\u011ferinden \u00e7ok ne kadar takip\u00e7inin be\u011fenisini ald\u0131\u011f\u0131 ve olumlu yorumlar etken olmaktad\u0131r. Yap\u0131lan payla\u015f\u0131mlar hedef kitlenin istekleri do\u011frultusunda daha etkili ve kal\u0131c\u0131 izlenim b\u0131rakt\u0131\u011f\u0131 i\u00e7in belirli bir s\u00fcre payla\u015f\u0131m yap\u0131lmasa dahi takip\u00e7i say\u0131s\u0131nda azalma daha az olmaktad\u0131r.<\/p>\n","protected":false},"excerpt":{"rendered":"<p>G\u00fcnl\u00fck hayatta sosyal medya \u00fczerinden yap\u0131lan payla\u015f\u0131mlar artt\u0131k\u00e7a payla\u015f\u0131lan konular\u0131n ilgi \u00e7ekme \u00f6zelli\u011finin de daha farkl\u0131 \u015fekillerde payla\u015f\u0131mlarla artmas\u0131 gerekmektedir. \u0130ster \u00fcr\u00fcn veya hizmet tan\u0131t\u0131ls\u0131n isterse \u015fahsi hesaplar \u00fczerinden payla\u015f\u0131m&#8230; <\/p>\n","protected":false},"author":1,"featured_media":625,"comment_status":"open","ping_status":"open","sticky":false,"template":"","format":"standard","meta":{"footnotes":""},"categories":[102,1],"tags":[],"class_list":["post-622","post","type-post","status-publish","format-standard","has-post-thumbnail","hentry","category-haberler","category-sosyal-medya"],"aioseo_notices":[],"_links":{"self":[{"href":"https:\/\/www.iyibudur.com\/blog\/wp-json\/wp\/v2\/posts\/622","targetHints":{"allow":["GET"]}}],"collection":[{"href":"https:\/\/www.iyibudur.com\/blog\/wp-json\/wp\/v2\/posts"}],"about":[{"href":"https:\/\/www.iyibudur.com\/blog\/wp-json\/wp\/v2\/types\/post"}],"author":[{"embeddable":true,"href":"https:\/\/www.iyibudur.com\/blog\/wp-json\/wp\/v2\/users\/1"}],"replies":[{"embeddable":true,"href":"https:\/\/www.iyibudur.com\/blog\/wp-json\/wp\/v2\/comments?post=622"}],"version-history":[{"count":1,"href":"https:\/\/www.iyibudur.com\/blog\/wp-json\/wp\/v2\/posts\/622\/revisions"}],"predecessor-version":[{"id":624,"href":"https:\/\/www.iyibudur.com\/blog\/wp-json\/wp\/v2\/posts\/622\/revisions\/624"}],"wp:featuredmedia":[{"embeddable":true,"href":"https:\/\/www.iyibudur.com\/blog\/wp-json\/wp\/v2\/media\/625"}],"wp:attachment":[{"href":"https:\/\/www.iyibudur.com\/blog\/wp-json\/wp\/v2\/media?parent=622"}],"wp:term":[{"taxonomy":"category","embeddable":true,"href":"https:\/\/www.iyibudur.com\/blog\/wp-json\/wp\/v2\/categories?post=622"},{"taxonomy":"post_tag","embeddable":true,"href":"https:\/\/www.iyibudur.com\/blog\/wp-json\/wp\/v2\/tags?post=622"}],"curies":[{"name":"wp","href":"https:\/\/api.w.org\/{rel}","templated":true}]}}