{"id":785,"date":"2022-04-09T06:08:22","date_gmt":"2022-04-09T03:08:22","guid":{"rendered":"https:\/\/www.iyibudur.com\/blog\/?p=785"},"modified":"2022-04-09T06:08:22","modified_gmt":"2022-04-09T03:08:22","slug":"facebook-kapak-fotografi-boyutu-kac-piksel-olmali","status":"publish","type":"post","link":"https:\/\/www.iyibudur.com\/blog\/facebook-kapak-fotografi-boyutu-kac-piksel-olmali\/","title":{"rendered":"Facebook kapak foto\u011fraf\u0131 boyutu ka\u00e7 piksel olmal\u0131"},"content":{"rendered":"<p>Facebook, Sosyal medya platformlar\u0131 aras\u0131nda en \u00e7ok kullan\u0131c\u0131ya sahip sosyal medya platformudur. Genellikle markalar hedef kitlesine ula\u015fmak ve yeni m\u00fc\u015fterilerle etkile\u015fim i\u00e7erisine girmek amac\u0131yla hesap olu\u015fturmal\u0131lard\u0131r. Aksi bir durumda bir \u00e7ok rakibinin gerisinde kalma riski vard\u0131r. Sizler i\u00e7in facebook profil foto\u011fraf\u0131, g\u00f6nderi payla\u015f\u0131m\u0131 ve kapak foto\u011fraflar\u0131yla alakal\u0131 dikkat edilmeyen ayr\u0131nt\u0131lar\u0131 anlatmaya \u00e7al\u0131\u015faca\u011f\u0131z. Yaz\u0131m\u0131z\u0131 inceledikten sonra Facebook sayfalar\u0131n\u0131z i\u00e7in do\u011fru boyutlarda, kaliteli, \u015f\u0131k kapak foto\u011fraflar\u0131 haz\u0131rlayabileceksiniz.<\/p>\n<h2>2022 Facebook Kapak Foto\u011fraf\u0131 \u00d6l\u00e7\u00fcs\u00fc<\/h2>\n<p>En az 400 piksel geni\u015fli\u011finde ve 150 piksel uzunlu\u011funda bir foto\u011fraf olmal\u0131d\u0131r.<\/p>\n<ul>\n<li>Facebook sayfan\u0131zda 820 x 312 piksel olmal\u0131d\u0131r.<\/li>\n<li>Minimum ise 400 x 150 piksel boyutunda olmal\u0131.<\/li>\n<li>Kapak foto\u011fraf\u0131n\u0131z masa\u00fcst\u00fcnde 820 x 312 piksel, ak\u0131ll\u0131 telefonlarda 640 x 360 piksel g\u00f6r\u00fcnt\u00fcler.<\/li>\n<li>\u0130yi sonu\u00e7lar elde edebilmek i\u00e7in Kapak foto\u011fraf\u0131 i\u00e7in 100 KB&#8217;den k\u00fc\u00e7\u00fck bir JPG dosyas\u0131 y\u00fckleyin.<\/li>\n<li>Facebook \u0130\u015fletme Sayfas\u0131 boyutlar\u0131, Ki\u015fisel profil kapak foto\u011fraflar\u0131 \u00f6l\u00e7\u00fcleriyle ayn\u0131d\u0131r.<\/li>\n<\/ul>\n<p><img decoding=\"async\" class=\"aligncenter wp-image-788 size-full\" src=\"https:\/\/www.iyibudur.com\/blog\/wp-content\/uploads\/2022\/04\/facebook-kapak-fotografi-olculeri.jpg\" alt=\"\" width=\"1003\" height=\"439\" srcset=\"https:\/\/www.iyibudur.com\/blog\/wp-content\/uploads\/2022\/04\/facebook-kapak-fotografi-olculeri.jpg 1003w, https:\/\/www.iyibudur.com\/blog\/wp-content\/uploads\/2022\/04\/facebook-kapak-fotografi-olculeri-300x131.jpg 300w, https:\/\/www.iyibudur.com\/blog\/wp-content\/uploads\/2022\/04\/facebook-kapak-fotografi-olculeri-768x336.jpg 768w\" sizes=\"(max-width: 1003px) 100vw, 1003px\" \/><\/p>\n<h3>Facebook Kapak foto\u011fraf\u0131 nas\u0131l yap\u0131l\u0131r<\/h3>\n<p>Facebook sayfalar\u0131n\u0131z ve hesaplar\u0131n\u0131z i\u00e7in dikkat \u00e7ekici foto\u011fraflar\u0131n\u0131n \u00f6nemi g\u00fcn\u00fcm\u00fczde \u00e7ok b\u00fcy\u00fckt\u00fcr. Her insan veya markalar kendilerini yans\u0131tacak g\u00f6rseller haz\u0131rlamak istemektedirler.<\/p>\n<p>Facebook kapak foto\u011fraflar\u0131 i\u00e7in profesyonel olarak kullanabilece\u011finiz bilgisayar uygulamalar\u0131 mevcuttur. Bu yaz\u0131l\u0131mlar \u00f6rnek olarak <strong>Adobe Photoshop, Gimp, Paint.NET, Pixlr Edit\u00f6r, Pixlr X, PhotoScape X<\/strong> gibi uygulamalar\u0131 kullanmay\u0131 bilmelisiniz. Sayd\u0131\u011f\u0131m\u0131z uygulamalarla alakal\u0131 bilginiz yok ise ! Haz\u0131r \u015fablonlar\u0131n oldu\u011fu, Wer aray\u00fczl\u00fc siteleri kullanarak \u015fahane kapak foto\u011fraflar\u0131 ve payla\u015f\u0131m tasar\u0131mlar\u0131 haz\u0131rlayabilirsiniz.<\/p>\n<p><strong>Kolayca muhte\u015fem kapak foto\u011fraf\u0131 ve payla\u015f\u0131m foto\u011fraflar\u0131 tasar\u0131mlar\u0131 yapabilece\u011finiz siteleri a\u015fa\u011f\u0131da listeliyoruz.<\/strong><\/p>\n<p><a href=\"https:\/\/www.canva.com\/tr_tr\/yapma\/facebook-kapak-fotografi\/\" target=\"_blank\" rel=\"nofollow noopener\"><strong>Canva<\/strong><\/a><br \/>\n<a href=\"https:\/\/create.vista.com\/tr\/create\/facebook-covers\/\" target=\"_blank\" rel=\"nofollow noopener\"><strong>Vistacreate<\/strong><\/a><br \/>\n<a href=\"https:\/\/www.renderforest.com\/tr\/facebook-covers\" target=\"_blank\" rel=\"nofollow noopener\"><strong>Renderforest<\/strong><\/a><\/p>\n<h4>Haz\u0131r Facebook Kapak Foto\u011fraflar\u0131 \u0130ndirme Siteleri<\/h4>\n<p><a href=\"https:\/\/www.pexels.com\/\" target=\"_blank\" rel=\"nofollow noopener\"><strong>Pexels<\/strong><\/a><br \/>\n<a href=\"https:\/\/pixabay.com\/\" target=\"_blank\" rel=\"nofollow noopener\"><strong>Pixabay<\/strong><\/a><br \/>\n<a href=\"https:\/\/www.shutterstock.com\/\" target=\"_blank\" rel=\"nofollow noopener\"><strong>Shutterstock<\/strong><\/a><br \/>\n<a href=\"https:\/\/clipart.me\/\" target=\"_blank\" rel=\"nofollow noopener\"><strong>Clipart<\/strong><\/a><\/p>\n<h3>Kapak foto\u011fraf\u0131 nas\u0131l eklenir veya de\u011fi\u015ftirilir<\/h3>\n<ul>\n<li>Profil kapak foto\u011fraf\u0131 de\u011fi\u015ftirmek i\u00e7in Facebook&#8217;un sa\u011f \u00fcst k\u0131sm\u0131ndaki profilinize t\u0131klay\u0131n\u0131z.<\/li>\n<li>Kapak foto\u011fraf\u0131 b\u00f6l\u00fcm\u00fcn\u00fcn sa\u011f alt\u0131nda <strong>Kapak Foto\u011fraf\u0131n\u0131 D\u00fczenle<\/strong> butonuna t\u0131klay\u0131n.<\/li>\n<li><strong>Foto\u011fraf Se\u00e7<\/strong> t\u0131klad\u0131ktan sonra <strong>Foto\u011fraf\u0131n\u0131z\u0131 Y\u00fckleyin<\/strong>.<\/li>\n<li>Foto\u011fraf se\u00e7imi yapt\u0131ktan sonra foto\u011frafa t\u0131klayarak a\u015fa\u011f\u0131 ve yukar\u0131 s\u00fcr\u00fckleyerek yerle\u015fimi yapabilirsiniz.<\/li>\n<li><strong>De\u011fi\u015fiklikleri Kaydet<\/strong> butonuna t\u0131klad\u0131ktan sonra i\u015flem tamamlanacakt\u0131r.<\/li>\n<\/ul>\n","protected":false},"excerpt":{"rendered":"<p>Facebook, Sosyal medya platformlar\u0131 aras\u0131nda en \u00e7ok kullan\u0131c\u0131ya sahip sosyal medya platformudur. Genellikle markalar hedef kitlesine ula\u015fmak ve yeni m\u00fc\u015fterilerle etkile\u015fim i\u00e7erisine girmek amac\u0131yla hesap olu\u015fturmal\u0131lard\u0131r. Aksi bir durumda bir&#8230; <\/p>\n","protected":false},"author":1,"featured_media":787,"comment_status":"open","ping_status":"open","sticky":false,"template":"","format":"standard","meta":{"footnotes":""},"categories":[99,1],"tags":[],"class_list":["post-785","post","type-post","status-publish","format-standard","has-post-thumbnail","hentry","category-facebook","category-sosyal-medya"],"aioseo_notices":[],"_links":{"self":[{"href":"https:\/\/www.iyibudur.com\/blog\/wp-json\/wp\/v2\/posts\/785","targetHints":{"allow":["GET"]}}],"collection":[{"href":"https:\/\/www.iyibudur.com\/blog\/wp-json\/wp\/v2\/posts"}],"about":[{"href":"https:\/\/www.iyibudur.com\/blog\/wp-json\/wp\/v2\/types\/post"}],"author":[{"embeddable":true,"href":"https:\/\/www.iyibudur.com\/blog\/wp-json\/wp\/v2\/users\/1"}],"replies":[{"embeddable":true,"href":"https:\/\/www.iyibudur.com\/blog\/wp-json\/wp\/v2\/comments?post=785"}],"version-history":[{"count":2,"href":"https:\/\/www.iyibudur.com\/blog\/wp-json\/wp\/v2\/posts\/785\/revisions"}],"predecessor-version":[{"id":790,"href":"https:\/\/www.iyibudur.com\/blog\/wp-json\/wp\/v2\/posts\/785\/revisions\/790"}],"wp:featuredmedia":[{"embeddable":true,"href":"https:\/\/www.iyibudur.com\/blog\/wp-json\/wp\/v2\/media\/787"}],"wp:attachment":[{"href":"https:\/\/www.iyibudur.com\/blog\/wp-json\/wp\/v2\/media?parent=785"}],"wp:term":[{"taxonomy":"category","embeddable":true,"href":"https:\/\/www.iyibudur.com\/blog\/wp-json\/wp\/v2\/categories?post=785"},{"taxonomy":"post_tag","embeddable":true,"href":"https:\/\/www.iyibudur.com\/blog\/wp-json\/wp\/v2\/tags?post=785"}],"curies":[{"name":"wp","href":"https:\/\/api.w.org\/{rel}","templated":true}]}}